{"id":1428,"date":"2020-01-01T14:15:03","date_gmt":"2020-01-01T13:15:03","guid":{"rendered":"http:\/\/www.insportsrl.it\/cesate-maderno\/?p=1428"},"modified":"2024-11-20T16:32:21","modified_gmt":"2024-11-20T15:32:21","slug":"festa-di-compleanno","status":"publish","type":"post","link":"https:\/\/www.insportsrl.it\/varallo\/festa-di-compleanno\/","title":{"rendered":"Festa di Compleanno"},"content":{"rendered":"<p>[et_pb_section fb_built=&#8221;1&#8243; _builder_version=&#8221;4.16&#8243; global_colors_info=&#8221;{}&#8221;][et_pb_row _builder_version=&#8221;4.16&#8243; background_size=&#8221;initial&#8221; background_position=&#8221;top_left&#8221; background_repeat=&#8221;repeat&#8221; global_colors_info=&#8221;{}&#8221;][et_pb_column type=&#8221;4_4&#8243; _builder_version=&#8221;4.16&#8243; custom_padding=&#8221;|||&#8221; global_colors_info=&#8221;{}&#8221; custom_padding__hover=&#8221;|||&#8221;][et_pb_text _builder_version=&#8221;4.16&#8243; background_size=&#8221;initial&#8221; background_position=&#8221;top_left&#8221; background_repeat=&#8221;repeat&#8221; global_colors_info=&#8221;{}&#8221;]<\/p>\n<div class=\"et_pb_row et_pb_row_0\">\n<div class=\"et_pb_column et_pb_column_4_4 et_pb_column_0  et_pb_css_mix_blend_mode_passthrough et-last-child\">\n<div class=\"et_pb_module et_pb_text et_pb_text_0 et_pb_bg_layout_light  et_pb_text_align_left\">\n<div class=\"et_pb_text_inner\">\n<div class=\"et_pb_with_border et_pb_row et_pb_row_1\">\n<div class=\"et_pb_column et_pb_column_4_4 et_pb_column_1  et_pb_css_mix_blend_mode_passthrough et-last-child\">\n<div class=\"et_pb_module et_pb_text et_pb_text_1 et_pb_bg_layout_light  et_pb_text_align_left\">\n<div class=\"et_pb_text_inner\">\n<p>In Sport Varallo offre la possibilit\u00e0 di usufruire di alcuni spazi dedicati e di uno staff di assistenti per lo svolgimento delle feste di compleanno dei pi\u00f9 piccoli. <strong>Giochi in acqua e\/o spazio riservato per attivit\u00e0 ricreative,\u00a0 spazio riservato per rinfresco e momento torta finale,<\/strong> per una giornata indimenticabile da vivere con noi.<\/p>\n<\/div>\n<\/div>\n<\/div>\n<\/div>\n<div class=\"et_pb_with_border et_pb_row et_pb_row_2\">\n<div class=\"et_pb_column et_pb_column_1_2 et_pb_column_2  et_pb_css_mix_blend_mode_passthrough\">\n<div class=\"et_pb_module et_pb_text et_pb_text_2 et_pb_bg_layout_light  et_pb_text_align_left\">\n<div class=\"et_pb_text_inner\">\n<h2><strong>LA FESTA \u201cTIPO\u201d<\/strong><\/h2>\n<h2>Giorni ed orari:<\/h2>\n<p>in settimana dalle 09,00 alle 21,00\u00a0 \u00a0 \u00a0 \u00a0 Sabato dalle 15,00 alle 18,00<br \/>Domenica dalle 09,30 alle 12,30 oppure dalle 15,00 alle 18,00<\/p>\n<\/div>\n<\/div>\n<div class=\"et_pb_module et_pb_text et_pb_text_4 et_pb_bg_layout_light  et_pb_text_align_left\">\n<div class=\"et_pb_text_inner\">\n<h2>L\u2019assistenza:<\/h2>\n<p>\u00e8 prevista durante tutta la festa con assistenti bagnanti se previsto l&#8217;uso della piscina oppure assistente di sala se previsto l&#8217;utilizzo della sala riservata per attivit\u00e0 motoria.\u00a0<\/p>\n<\/div>\n<\/div>\n<div class=\"et_pb_module et_pb_text et_pb_text_5 et_pb_bg_layout_light  et_pb_text_align_left\">\n<div class=\"et_pb_text_inner\">\n<h2>Et\u00e0 dei partecipanti:<\/h2>\n<p>Dai 1 mesi ai &gt;99 anni.\u00a0 Si consiglia un colloquio preliminare alla prenotazione.<\/p>\n<\/div>\n<\/div>\n<\/div>\n<div class=\"et_pb_column et_pb_column_1_2 et_pb_column_3  et_pb_css_mix_blend_mode_passthrough\">\n<div class=\"et_pb_module et_pb_text et_pb_text_7 et_pb_bg_layout_light  et_pb_text_align_left\">\n<div class=\"et_pb_text_inner\">\n<h2>La quota comprende:<\/h2>\n<ul>\n<li>l\u2019ingresso in piscina e\/o negli altri spazi destinati alle attivit\u00e0<\/li>\n<li>l\u2019assistenza organizzata ed i locali attrezzati per l\u2019eventuale rinfresco<\/li>\n<li>docce e phon\u00a0<\/li>\n<li>i biglietti d\u2019invito in base al n\u00b0 degli invitati<\/li>\n<\/ul>\n<\/div>\n<\/div>\n<div class=\"et_pb_module et_pb_text et_pb_text_8 et_pb_bg_layout_light  et_pb_text_align_left\">\n<div class=\"et_pb_text_inner\">\n<h2>Come procedere:<\/h2>\n<p>All\u2019atto della richiesta \u00e8 necessario comunicare la data prevista per la festa; il responsabile delle feste si metter\u00e0 in contatto con voi per concordare le attivit\u00e0, il luogo dello svolgimento e per accogliere e soddisfare al meglio le vostre richieste. Dopo il contatto telefonico \u00e8 necessario versare la caparra di\u00a0 100 \u20ac presso la segreteria del Centro Sportivo, questa somma avr\u00e0 valore di conferma.<\/p>\n<\/div>\n<\/div>\n<\/div>\n<\/div>\n<\/div>\n<\/div>\n<\/div>\n<\/div>\n<div class=\"et_pb_row et_pb_row_1\">\n<div class=\"et_pb_column et_pb_column_4_4 et_pb_column_1  et_pb_css_mix_blend_mode_passthrough et-last-child\">\n<div class=\"et_pb_module et_pb_text et_pb_text_1 et_pb_bg_layout_light  et_pb_text_align_left\">\n<div class=\"et_pb_text_inner\">\n<h2 style=\"text-align: center\"><span style=\"color: #004653\">\u00a0Chiamaci allo 016351722 o <\/span><\/h2>\n<h2 style=\"text-align: center\"><span style=\"color: #004653\">scrivici su varallo@insportsrl.it<\/span><\/h2>\n<p><span style=\"color: #004653\"><\/span><\/p>\n<p>&nbsp;<\/p>\n<p style=\"text-align: center\">\n<\/div>\n<\/div>\n<\/div>\n<\/div>\n<p style=\"text-align: justify\">\n<p>[\/et_pb_text][\/et_pb_column][\/et_pb_row][\/et_pb_section]<\/p>\n","protected":false},"excerpt":{"rendered":"<p>[et_pb_section fb_built=&#8221;1&#8243; _builder_version=&#8221;4.16&#8243; global_colors_info=&#8221;{}&#8221;][et_pb_row _builder_version=&#8221;4.16&#8243; background_size=&#8221;initial&#8221; background_position=&#8221;top_left&#8221; background_repeat=&#8221;repeat&#8221; global_colors_info=&#8221;{}&#8221;][et_pb_column type=&#8221;4_4&#8243; _builder_version=&#8221;4.16&#8243; custom_padding=&#8221;|||&#8221; global_colors_info=&#8221;{}&#8221; custom_padding__hover=&#8221;|||&#8221;][et_pb_text _builder_version=&#8221;4.16&#8243; background_size=&#8221;initial&#8221; background_position=&#8221;top_left&#8221; background_repeat=&#8221;repeat&#8221; global_colors_info=&#8221;{}&#8221;] In Sport Varallo offre la possibilit\u00e0 di usufruire di alcuni spazi dedicati e di uno staff di assistenti per lo svolgimento delle feste di compleanno dei pi\u00f9 piccoli. Giochi in acqua e\/o spazio riservato per attivit\u00e0 [&hellip;]<\/p>\n","protected":false},"author":1,"featured_media":5198,"comment_status":"closed","ping_status":"closed","sticky":false,"template":"","format":"standard","meta":{"_et_pb_use_builder":"on","_et_pb_old_content":"<p>Welcome to WordPress. This is your first post. Edit or delete it, then start blogging!<\/p>","_et_gb_content_width":""},"categories":[4],"tags":[],"_links":{"self":[{"href":"https:\/\/www.insportsrl.it\/varallo\/wp-json\/wp\/v2\/posts\/1428"}],"collection":[{"href":"https:\/\/www.insportsrl.it\/varallo\/wp-json\/wp\/v2\/posts"}],"about":[{"href":"https:\/\/www.insportsrl.it\/varallo\/wp-json\/wp\/v2\/types\/post"}],"author":[{"embeddable":true,"href":"https:\/\/www.insportsrl.it\/varallo\/wp-json\/wp\/v2\/users\/1"}],"replies":[{"embeddable":true,"href":"https:\/\/www.insportsrl.it\/varallo\/wp-json\/wp\/v2\/comments?post=1428"}],"version-history":[{"count":3,"href":"https:\/\/www.insportsrl.it\/varallo\/wp-json\/wp\/v2\/posts\/1428\/revisions"}],"predecessor-version":[{"id":5197,"href":"https:\/\/www.insportsrl.it\/varallo\/wp-json\/wp\/v2\/posts\/1428\/revisions\/5197"}],"wp:featuredmedia":[{"embeddable":true,"href":"https:\/\/www.insportsrl.it\/varallo\/wp-json\/wp\/v2\/media\/5198"}],"wp:attachment":[{"href":"https:\/\/www.insportsrl.it\/varallo\/wp-json\/wp\/v2\/media?parent=1428"}],"wp:term":[{"taxonomy":"category","embeddable":true,"href":"https:\/\/www.insportsrl.it\/varallo\/wp-json\/wp\/v2\/categories?post=1428"},{"taxonomy":"post_tag","embeddable":true,"href":"https:\/\/www.insportsrl.it\/varallo\/wp-json\/wp\/v2\/tags?post=1428"}],"curies":[{"name":"wp","href":"https:\/\/api.w.org\/{rel}","templated":true}]}}