{"id":994,"date":"2019-07-02T10:08:04","date_gmt":"2019-07-02T08:08:04","guid":{"rendered":"http:\/\/www.insportsrl.it\/trezzano\/?p=994"},"modified":"2019-08-27T17:40:14","modified_gmt":"2019-08-27T15:40:14","slug":"avviamento-ginnastica-artistica","status":"publish","type":"post","link":"https:\/\/www.insportsrl.it\/trezzano\/avviamento-ginnastica-artistica\/","title":{"rendered":"Avviamento Ginnastica artistica"},"content":{"rendered":"<p>[et_pb_section fb_built=&#8221;1&#8243; _builder_version=&#8221;3.22.3&#8243;][et_pb_row _builder_version=&#8221;3.25&#8243; background_size=&#8221;initial&#8221; background_position=&#8221;top_left&#8221; background_repeat=&#8221;repeat&#8221;][et_pb_column type=&#8221;4_4&#8243; _builder_version=&#8221;3.25&#8243; custom_padding=&#8221;|||&#8221; custom_padding__hover=&#8221;|||&#8221;][et_pb_text _builder_version=&#8221;3.25.2&#8243; background_size=&#8221;initial&#8221; background_position=&#8221;top_left&#8221; background_repeat=&#8221;repeat&#8221;]<\/p>\n<h1 style=\"text-align: justify\">Avviamento Ginnastica Artistica<\/h1>\n<p style=\"text-align: justify\">Eleganza, bellezza, agilit\u00e0 ed elasticit\u00e0 in una disciplina che forma il fisico e la mente. Il corso \u00e8 persato per bambine e bamini dai 4 ai 7 anni.<\/p>\n<p>[\/et_pb_text][\/et_pb_column][\/et_pb_row][\/et_pb_section]<\/p>\n","protected":false},"excerpt":{"rendered":"<p>[et_pb_section fb_built=&#8221;1&#8243; _builder_version=&#8221;3.22.3&#8243;][et_pb_row _builder_version=&#8221;3.25&#8243; background_size=&#8221;initial&#8221; background_position=&#8221;top_left&#8221; background_repeat=&#8221;repeat&#8221;][et_pb_column type=&#8221;4_4&#8243; _builder_version=&#8221;3.25&#8243; custom_padding=&#8221;|||&#8221; custom_padding__hover=&#8221;|||&#8221;][et_pb_text _builder_version=&#8221;3.25.2&#8243; background_size=&#8221;initial&#8221; background_position=&#8221;top_left&#8221; background_repeat=&#8221;repeat&#8221;] Avviamento Ginnastica Artistica Eleganza, bellezza, agilit\u00e0 ed elasticit\u00e0 in una disciplina che forma il fisico e la mente. Il corso \u00e8 persato per bambine e bamini dai 4 ai 7 anni. [\/et_pb_text][\/et_pb_column][\/et_pb_row][\/et_pb_section]<\/p>\n","protected":false},"author":105,"featured_media":996,"comment_status":"closed","ping_status":"closed","sticky":false,"template":"","format":"standard","meta":{"_et_pb_use_builder":"on","_et_pb_old_content":"<p>Welcome to WordPress. This is your first post. Edit or delete it, then start blogging!<\/p>","_et_gb_content_width":""},"categories":[1],"tags":[],"_links":{"self":[{"href":"https:\/\/www.insportsrl.it\/trezzano\/wp-json\/wp\/v2\/posts\/994"}],"collection":[{"href":"https:\/\/www.insportsrl.it\/trezzano\/wp-json\/wp\/v2\/posts"}],"about":[{"href":"https:\/\/www.insportsrl.it\/trezzano\/wp-json\/wp\/v2\/types\/post"}],"author":[{"embeddable":true,"href":"https:\/\/www.insportsrl.it\/trezzano\/wp-json\/wp\/v2\/users\/105"}],"replies":[{"embeddable":true,"href":"https:\/\/www.insportsrl.it\/trezzano\/wp-json\/wp\/v2\/comments?post=994"}],"version-history":[{"count":3,"href":"https:\/\/www.insportsrl.it\/trezzano\/wp-json\/wp\/v2\/posts\/994\/revisions"}],"predecessor-version":[{"id":1000,"href":"https:\/\/www.insportsrl.it\/trezzano\/wp-json\/wp\/v2\/posts\/994\/revisions\/1000"}],"wp:featuredmedia":[{"embeddable":true,"href":"https:\/\/www.insportsrl.it\/trezzano\/wp-json\/wp\/v2\/media\/996"}],"wp:attachment":[{"href":"https:\/\/www.insportsrl.it\/trezzano\/wp-json\/wp\/v2\/media?parent=994"}],"wp:term":[{"taxonomy":"category","embeddable":true,"href":"https:\/\/www.insportsrl.it\/trezzano\/wp-json\/wp\/v2\/categories?post=994"},{"taxonomy":"post_tag","embeddable":true,"href":"https:\/\/www.insportsrl.it\/trezzano\/wp-json\/wp\/v2\/tags?post=994"}],"curies":[{"name":"wp","href":"https:\/\/api.w.org\/{rel}","templated":true}]}}