{"id":5702,"date":"2026-04-29T10:24:19","date_gmt":"2026-04-29T08:24:19","guid":{"rendered":"https:\/\/www.insportsrl.it\/cesano-maderno\/?p=5702"},"modified":"2026-04-29T10:24:28","modified_gmt":"2026-04-29T08:24:28","slug":"apertura-iscrizioni-2026-2027","status":"publish","type":"post","link":"https:\/\/www.insportsrl.it\/cesano-maderno\/apertura-iscrizioni-2026-2027\/","title":{"rendered":"Iscrizioni Stagione Sportiva 2026-2027"},"content":{"rendered":"<p>[et_pb_section fb_built=&#8221;1&#8243; fullwidth=&#8221;on&#8221; _builder_version=&#8221;4.18.0&#8243; _module_preset=&#8221;default&#8221; global_colors_info=&#8221;{}&#8221;][et_pb_fullwidth_image src=&#8221;https:\/\/www.insportsrl.it\/cesano-maderno\/wp-content\/uploads\/sites\/8\/2026\/04\/HEADER-SITO-campagna-2026-apertura-iscrizioni-IS.jpg&#8221; title_text=&#8221;HEADER-SITO-campagna-2026-apertura-iscrizioni-IS&#8221; _builder_version=&#8221;4.18.0&#8243; _module_preset=&#8221;default&#8221; global_colors_info=&#8221;{}&#8221;][\/et_pb_fullwidth_image][\/et_pb_section][et_pb_section fb_built=&#8221;1&#8243; _builder_version=&#8221;4.18.0&#8243; custom_margin=&#8221;0px|0px|0px|0px|false|false&#8221; custom_padding=&#8221;0px|0px|0px|0px|false|false&#8221; global_colors_info=&#8221;{}&#8221;][et_pb_row _builder_version=&#8221;4.16&#8243; background_size=&#8221;initial&#8221; background_position=&#8221;top_left&#8221; background_repeat=&#8221;repeat&#8221; global_colors_info=&#8221;{}&#8221;][et_pb_column type=&#8221;4_4&#8243; _builder_version=&#8221;4.16&#8243; custom_padding=&#8221;|||&#8221; global_colors_info=&#8221;{}&#8221; custom_padding__hover=&#8221;|||&#8221;][et_pb_text _builder_version=&#8221;4.18.0&#8243; _module_preset=&#8221;default&#8221; header_text_color=&#8221;#004653&#8243; header_font_size=&#8221;39px&#8221; global_colors_info=&#8221;{}&#8221;]<\/p>\n<h1 style=\"text-align: center\">APERTURA ISCRIZIONI<\/h1>\n<h1 style=\"text-align: center\">STAGIONE 2026\/27<\/h1>\n<p>[\/et_pb_text][et_pb_text _builder_version=&#8221;4.18.0&#8243; _module_preset=&#8221;default&#8221; text_text_color=&#8221;#004653&#8243; text_font_size=&#8221;16px&#8221; link_font=&#8221;||||on|||#0000ff|&#8221; link_text_color=&#8221;#0000ff&#8221; header_text_color=&#8221;#96bc3d&#8221; header_font_size=&#8221;35px&#8221; header_3_text_color=&#8221;#004653&#8243; header_4_text_color=&#8221;#96bc3d&#8221; text_orientation=&#8221;center&#8221; hover_enabled=&#8221;0&#8243; global_colors_info=&#8221;{}&#8221; sticky_enabled=&#8221;0&#8243;]<\/p>\n<h1 style=\"text-align: center\">Siamo il centro della tua Longevity!<\/h1>\n<h3 style=\"text-align: center\">ISCRIZIONI APERTE<br \/>ai CORSI della STAGIONE SPORTIVA 2026-2027.<\/h3>\n<p style=\"text-align: center\">Clicca qui per scoprire il palinsesto corsi e le nostre attivit\u00e0: <a href=\"http:\/\/www.insportsrl.it\/cesano-maderno\/palinsesto-2026-2027\">www.insportsrl.it\/cesano-maderno\/palinsesto-2026-2027<\/a><\/p>\n<p style=\"text-align: center\"><strong>GARANTISCI IL TUO POSTO<\/strong> iscrivendoti dall&#8217;<strong>11\/05\/2026<\/strong>\u00a0presso la nostra reception<br \/>senza rischiare di non trovare il tuo orario preferito e di arrivare con ansia al mese di settembre.<\/p>\n<p style=\"text-align: center\"><strong>Iscritti stagione 2025\/2026:<\/strong> dall&#8217;11\/05\/2026<br \/><strong>Nuovi iscritti:<\/strong> dal 18\/05\/2026<\/p>\n<h4 style=\"text-align: center\">Inoltre, se ti iscrivi entro il 30\/06\/2026, per te in omaggio 3 ingressi gratuiti al lido estivo.<br \/>da utilizzare entro il 30\/08\/2026<\/h4>\n<p>&nbsp;<\/p>\n<h3 style=\"text-align: center\">RECEPTION<\/h3>\n<p style=\"text-align: center\">La reception sar\u00e0 aperta nei seguenti giorni e orari:<\/p>\n<p style=\"text-align: center\">Luned\u00ec, Mercoled\u00ec e Gioved\u00ec dalle 7.00 alle 21.30,<\/p>\n<p style=\"text-align: center\">Martedi e Venerdi dalle 6.00 alle 21.30,<\/p>\n<p style=\"text-align: center\">Sabato e Domenica dalle 9.00 alle 18.00<\/p>\n<p>&nbsp;<\/p>\n<p style=\"text-align: center\">RESTA AGGIORNATO<br \/>Pagina Facebook <a href=\"http:\/\/www.facebook.com\/InSportCesanoM\/\">\u201cIN SPORT CESANO M.\u201d<\/a><br \/>Pagina Instagram <a href=\"http:\/\/www.instagram.com\/insport_ssd\">\u201cinsport_ssd\u201d<\/a><\/p>\n<p style=\"text-align: center\">Ti aspettiamo!<\/p>\n<p>[\/et_pb_text][\/et_pb_column][\/et_pb_row][\/et_pb_section]<\/p>\n","protected":false},"excerpt":{"rendered":"<p>[et_pb_section fb_built=&#8221;1&#8243; fullwidth=&#8221;on&#8221; _builder_version=&#8221;4.18.0&#8243; _module_preset=&#8221;default&#8221; global_colors_info=&#8221;{}&#8221;][et_pb_fullwidth_image src=&#8221;https:\/\/www.insportsrl.it\/cesano-maderno\/wp-content\/uploads\/sites\/8\/2026\/04\/HEADER-SITO-campagna-2026-apertura-iscrizioni-IS.jpg&#8221; title_text=&#8221;HEADER-SITO-campagna-2026-apertura-iscrizioni-IS&#8221; _builder_version=&#8221;4.18.0&#8243; _module_preset=&#8221;default&#8221; global_colors_info=&#8221;{}&#8221;][\/et_pb_fullwidth_image][\/et_pb_section][et_pb_section fb_built=&#8221;1&#8243; _builder_version=&#8221;4.18.0&#8243; custom_margin=&#8221;0px|0px|0px|0px|false|false&#8221; custom_padding=&#8221;0px|0px|0px|0px|false|false&#8221; global_colors_info=&#8221;{}&#8221;][et_pb_row _builder_version=&#8221;4.16&#8243; background_size=&#8221;initial&#8221; background_position=&#8221;top_left&#8221; background_repeat=&#8221;repeat&#8221; global_colors_info=&#8221;{}&#8221;][et_pb_column type=&#8221;4_4&#8243; _builder_version=&#8221;4.16&#8243; custom_padding=&#8221;|||&#8221; global_colors_info=&#8221;{}&#8221; custom_padding__hover=&#8221;|||&#8221;][et_pb_text _builder_version=&#8221;4.18.0&#8243; _module_preset=&#8221;default&#8221; header_text_color=&#8221;#004653&#8243; header_font_size=&#8221;39px&#8221; global_colors_info=&#8221;{}&#8221;] APERTURA ISCRIZIONI STAGIONE 2026\/27 [\/et_pb_text][et_pb_text _builder_version=&#8221;4.18.0&#8243; _module_preset=&#8221;default&#8221; text_text_color=&#8221;#004653&#8243; text_font_size=&#8221;16px&#8221; link_font=&#8221;||||on|||#0000ff|&#8221; link_text_color=&#8221;#0000ff&#8221; header_text_color=&#8221;#96bc3d&#8221; header_font_size=&#8221;35px&#8221; header_3_text_color=&#8221;#004653&#8243; header_4_text_color=&#8221;#96bc3d&#8221; text_orientation=&#8221;center&#8221; hover_enabled=&#8221;0&#8243; global_colors_info=&#8221;{}&#8221; sticky_enabled=&#8221;0&#8243;] Siamo il centro della tua [&hellip;]<\/p>\n","protected":false},"author":123,"featured_media":5703,"comment_status":"closed","ping_status":"closed","sticky":false,"template":"","format":"standard","meta":{"_et_pb_use_builder":"on","_et_pb_old_content":"<p>Welcome to WordPress. This is your first post. Edit or delete it, then start blogging!<\/p>","_et_gb_content_width":""},"categories":[3,4,6,7],"tags":[],"_links":{"self":[{"href":"https:\/\/www.insportsrl.it\/cesano-maderno\/wp-json\/wp\/v2\/posts\/5702"}],"collection":[{"href":"https:\/\/www.insportsrl.it\/cesano-maderno\/wp-json\/wp\/v2\/posts"}],"about":[{"href":"https:\/\/www.insportsrl.it\/cesano-maderno\/wp-json\/wp\/v2\/types\/post"}],"author":[{"embeddable":true,"href":"https:\/\/www.insportsrl.it\/cesano-maderno\/wp-json\/wp\/v2\/users\/123"}],"replies":[{"embeddable":true,"href":"https:\/\/www.insportsrl.it\/cesano-maderno\/wp-json\/wp\/v2\/comments?post=5702"}],"version-history":[{"count":12,"href":"https:\/\/www.insportsrl.it\/cesano-maderno\/wp-json\/wp\/v2\/posts\/5702\/revisions"}],"predecessor-version":[{"id":5740,"href":"https:\/\/www.insportsrl.it\/cesano-maderno\/wp-json\/wp\/v2\/posts\/5702\/revisions\/5740"}],"wp:featuredmedia":[{"embeddable":true,"href":"https:\/\/www.insportsrl.it\/cesano-maderno\/wp-json\/wp\/v2\/media\/5703"}],"wp:attachment":[{"href":"https:\/\/www.insportsrl.it\/cesano-maderno\/wp-json\/wp\/v2\/media?parent=5702"}],"wp:term":[{"taxonomy":"category","embeddable":true,"href":"https:\/\/www.insportsrl.it\/cesano-maderno\/wp-json\/wp\/v2\/categories?post=5702"},{"taxonomy":"post_tag","embeddable":true,"href":"https:\/\/www.insportsrl.it\/cesano-maderno\/wp-json\/wp\/v2\/tags?post=5702"}],"curies":[{"name":"wp","href":"https:\/\/api.w.org\/{rel}","templated":true}]}}