{"id":7616,"date":"2024-11-22T10:00:50","date_gmt":"2024-11-22T09:00:50","guid":{"rendered":"https:\/\/www.insportsrl.it\/biella\/?p=7616"},"modified":"2025-11-27T09:56:56","modified_gmt":"2025-11-27T08:56:56","slug":"fit-friday-2024","status":"publish","type":"post","link":"https:\/\/www.insportsrl.it\/biella\/fit-friday-2024\/","title":{"rendered":"Fit Friday 2024"},"content":{"rendered":"<p>[et_pb_section fb_built=&#8221;1&#8243; fullwidth=&#8221;on&#8221; _builder_version=&#8221;4.18.0&#8243; _module_preset=&#8221;default&#8221; global_colors_info=&#8221;{}&#8221;][et_pb_fullwidth_image src=&#8221;https:\/\/www.insportsrl.it\/biella\/wp-content\/uploads\/sites\/9\/2024\/11\/Black-Friday_Header-1.jpg&#8221; title_text=&#8221;Black Friday_Header&#8221; _builder_version=&#8221;4.18.0&#8243; _module_preset=&#8221;default&#8221; custom_padding=&#8221;||13px|||&#8221; global_colors_info=&#8221;{}&#8221;][\/et_pb_fullwidth_image][\/et_pb_section][et_pb_section fb_built=&#8221;1&#8243; disabled_on=&#8221;off|off|off&#8221; _builder_version=&#8221;4.18.0&#8243; custom_padding=&#8221;29px|||||&#8221; global_colors_info=&#8221;{}&#8221;][et_pb_row _builder_version=&#8221;4.18.0&#8243; background_size=&#8221;initial&#8221; background_position=&#8221;top_left&#8221; background_repeat=&#8221;repeat&#8221; global_colors_info=&#8221;{}&#8221;][et_pb_column type=&#8221;4_4&#8243; _builder_version=&#8221;4.16&#8243; custom_padding=&#8221;|||&#8221; global_colors_info=&#8221;{}&#8221; custom_padding__hover=&#8221;|||&#8221;][et_pb_text _builder_version=&#8221;4.18.0&#8243; text_text_color=&#8221;#004653&#8243; text_font_size=&#8221;16px&#8221; link_font=&#8221;||||on|||#0000ff|&#8221; link_text_color=&#8221;#0000ff&#8221; header_text_color=&#8221;#000000&#8243; header_font_size=&#8221;40px&#8221; header_2_text_align=&#8221;center&#8221; header_2_font_size=&#8221;35px&#8221; header_3_font=&#8221;||on||||||&#8221; header_3_text_align=&#8221;center&#8221; header_3_text_color=&#8221;#96bc3d&#8221; header_3_font_size=&#8221;26px&#8221; header_4_text_align=&#8221;center&#8221; header_4_text_color=&#8221;#004653&#8243; background_size=&#8221;initial&#8221; background_position=&#8221;top_left&#8221; background_repeat=&#8221;repeat&#8221; header_font_size_tablet=&#8221;40px&#8221; header_font_size_phone=&#8221;35px&#8221; header_font_size_last_edited=&#8221;on|phone&#8221; global_colors_info=&#8221;{}&#8221;]<\/p>\n<h1 style=\"text-align: center\">\u00a0\ud83d\udda4<br \/>FIT FRIDAY 2024<br \/>\ud83d\udda4<\/h1>\n<h3 style=\"text-align: center\">Regalati pi\u00f9 tempo<\/h3>\n<p style=\"text-align: center\"><strong>Venerd\u00ec 29 novembre<\/strong> non prendere impegni perch\u00e9 \u00e8 il giorno del <strong>FIT FRIDAY 2024 <\/strong>e abbiamo pensato a grandi sorprese per te.<\/p>\n<p style=\"text-align: center\">Solo in questa giornata puoi risparmiare <strong>fino al 25% sui nostri migliori abbonamenti.<\/strong><\/p>\n<p style=\"text-align: center\"><strong>Attenzione:<\/strong> le offerte del <strong>FIT FRIDAY<\/strong> valgono <strong>SOLO venerd\u00ec 29 novembre.<\/strong><\/p>\n<p style=\"text-align: center\">Ti aspettiamo il <strong>29 novembre<\/strong> presso il Centro Sportivo dalle 9:00 alle 21:30.<\/p>\n<p>&nbsp;<\/p>\n<p style=\"text-align: center\">[\/et_pb_text][\/et_pb_column][\/et_pb_row][\/et_pb_section]<\/p>\n","protected":false},"excerpt":{"rendered":"<p>\u00a0\ud83d\udda4FIT FRIDAY 2024\ud83d\udda4 Regalati pi\u00f9 tempo Venerd\u00ec 29 novembre non prendere impegni perch\u00e9 \u00e8 il giorno del FIT FRIDAY 2024 e abbiamo pensato a grandi sorprese per te. Solo in questa giornata puoi risparmiare fino al 25% sui nostri migliori abbonamenti. Attenzione: le offerte del FIT FRIDAY valgono SOLO venerd\u00ec 29 novembre. Ti aspettiamo il [&hellip;]<\/p>\n","protected":false},"author":111,"featured_media":7619,"comment_status":"closed","ping_status":"closed","sticky":false,"template":"","format":"standard","meta":{"_et_pb_use_builder":"on","_et_pb_old_content":"MARTEDI' 1 NOVEMBRE\r\n\r\nLa piscina rimarr\u00e0 aperta solo al nuoto libero dalle 9.00 alle 12.00","_et_gb_content_width":""},"categories":[1],"tags":[],"_links":{"self":[{"href":"https:\/\/www.insportsrl.it\/biella\/wp-json\/wp\/v2\/posts\/7616"}],"collection":[{"href":"https:\/\/www.insportsrl.it\/biella\/wp-json\/wp\/v2\/posts"}],"about":[{"href":"https:\/\/www.insportsrl.it\/biella\/wp-json\/wp\/v2\/types\/post"}],"author":[{"embeddable":true,"href":"https:\/\/www.insportsrl.it\/biella\/wp-json\/wp\/v2\/users\/111"}],"replies":[{"embeddable":true,"href":"https:\/\/www.insportsrl.it\/biella\/wp-json\/wp\/v2\/comments?post=7616"}],"version-history":[{"count":8,"href":"https:\/\/www.insportsrl.it\/biella\/wp-json\/wp\/v2\/posts\/7616\/revisions"}],"predecessor-version":[{"id":7632,"href":"https:\/\/www.insportsrl.it\/biella\/wp-json\/wp\/v2\/posts\/7616\/revisions\/7632"}],"wp:featuredmedia":[{"embeddable":true,"href":"https:\/\/www.insportsrl.it\/biella\/wp-json\/wp\/v2\/media\/7619"}],"wp:attachment":[{"href":"https:\/\/www.insportsrl.it\/biella\/wp-json\/wp\/v2\/media?parent=7616"}],"wp:term":[{"taxonomy":"category","embeddable":true,"href":"https:\/\/www.insportsrl.it\/biella\/wp-json\/wp\/v2\/categories?post=7616"},{"taxonomy":"post_tag","embeddable":true,"href":"https:\/\/www.insportsrl.it\/biella\/wp-json\/wp\/v2\/tags?post=7616"}],"curies":[{"name":"wp","href":"https:\/\/api.w.org\/{rel}","templated":true}]}}