{"id":2730,"date":"2020-10-22T14:01:51","date_gmt":"2020-10-22T12:01:51","guid":{"rendered":"https:\/\/www.insportsrl.it\/biella\/?p=2730"},"modified":"2020-10-22T14:05:14","modified_gmt":"2020-10-22T12:05:14","slug":"nuova-attivita-fitnessyoga","status":"publish","type":"post","link":"https:\/\/www.insportsrl.it\/biella\/nuova-attivita-fitnessyoga\/","title":{"rendered":"Yoga"},"content":{"rendered":"<p>A partire dal 6 Novembre 2020 nuova attivit\u00e0 fitness a terra:Yoga<br \/>\nOgni venerd\u00ec alle 12.50<br \/>\nAttivit\u00e0 compresa nell&#8217;abbonamento Fuoco, per ulteriori informazioni rivolgiti in reception.<\/p>\n","protected":false},"excerpt":{"rendered":"<p>A partire dal 6 Novembre 2020 nuova attivit\u00e0 fitness a terra:Yoga Ogni venerd\u00ec alle 12.50 Attivit\u00e0 compresa nell&#8217;abbonamento Fuoco, per ulteriori informazioni rivolgiti in reception.<\/p>\n","protected":false},"author":72,"featured_media":2731,"comment_status":"open","ping_status":"open","sticky":false,"template":"","format":"standard","meta":{"_et_pb_use_builder":"","_et_pb_old_content":"","_et_gb_content_width":""},"categories":[6],"tags":[],"_links":{"self":[{"href":"https:\/\/www.insportsrl.it\/biella\/wp-json\/wp\/v2\/posts\/2730"}],"collection":[{"href":"https:\/\/www.insportsrl.it\/biella\/wp-json\/wp\/v2\/posts"}],"about":[{"href":"https:\/\/www.insportsrl.it\/biella\/wp-json\/wp\/v2\/types\/post"}],"author":[{"embeddable":true,"href":"https:\/\/www.insportsrl.it\/biella\/wp-json\/wp\/v2\/users\/72"}],"replies":[{"embeddable":true,"href":"https:\/\/www.insportsrl.it\/biella\/wp-json\/wp\/v2\/comments?post=2730"}],"version-history":[{"count":2,"href":"https:\/\/www.insportsrl.it\/biella\/wp-json\/wp\/v2\/posts\/2730\/revisions"}],"predecessor-version":[{"id":2733,"href":"https:\/\/www.insportsrl.it\/biella\/wp-json\/wp\/v2\/posts\/2730\/revisions\/2733"}],"wp:featuredmedia":[{"embeddable":true,"href":"https:\/\/www.insportsrl.it\/biella\/wp-json\/wp\/v2\/media\/2731"}],"wp:attachment":[{"href":"https:\/\/www.insportsrl.it\/biella\/wp-json\/wp\/v2\/media?parent=2730"}],"wp:term":[{"taxonomy":"category","embeddable":true,"href":"https:\/\/www.insportsrl.it\/biella\/wp-json\/wp\/v2\/categories?post=2730"},{"taxonomy":"post_tag","embeddable":true,"href":"https:\/\/www.insportsrl.it\/biella\/wp-json\/wp\/v2\/tags?post=2730"}],"curies":[{"name":"wp","href":"https:\/\/api.w.org\/{rel}","templated":true}]}}